{"id":1474,"date":"2023-06-08T23:40:49","date_gmt":"2023-06-08T23:40:49","guid":{"rendered":"https:\/\/www.izcivize.com\/?p=1474"},"modified":"2024-03-09T23:43:23","modified_gmt":"2024-03-09T23:43:23","slug":"macaristan-vizesi","status":"publish","type":"post","link":"https:\/\/www.izcivize.com\/?p=1474","title":{"rendered":"Macaristan Vizesi Hakk\u0131nda Bilgileri Bu Ba\u015fl\u0131k Alt\u0131nda Toplad\u0131k"},"content":{"rendered":"\n<h1 class=\"wp-block-heading has-larger-font-size\">Macaristan Vizesi Hakk\u0131nda Genel Bilgiler<\/h1>\n\n\n\n<p>Orta Avrupa\u2019da yer alan ve AB \u00fcyesi \u00fclkeler aras\u0131nda geli\u015fmi\u015flik d\u00fczeyi a\u00e7\u0131s\u0131ndan da orta seviyelerde olan Macaristan, T\u00fcrk vatanda\u015flar\u0131 i\u00e7in Avrupa\u2019ya a\u00e7\u0131lan \u00f6nemli kap\u0131lardan birisidir. Ba\u015fkenti Budape\u015fte olan \u00fclke, Schengen antla\u015fmas\u0131n\u0131 imzalayan \u00fclkelerden birisi olup, 2004 y\u0131l\u0131ndan bu yana ise AB \u00fcyesidir. Macaristan Vizesi i\u00e7in \u0130ZC\u0130 Vize\u2019ye son y\u0131llarda yap\u0131lan ba\u015fvurularda anlaml\u0131 bir art\u0131\u015f g\u00f6ze \u00e7arpmaktad\u0131r. Vize sonras\u0131 oturum izni al\u0131nabilen \u00fclke, Avrupa\u2019n\u0131n daha geli\u015fmi\u015f ve b\u00fcy\u00fck \u00fclkelerinde ya\u015fama \u015fans\u0131 elde etmek i\u00e7in ideal bir basamak olarak g\u00f6r\u00fcl\u00fcyor.<\/p>\n\n\n\n<figure class=\"wp-block-image size-full is-resized\"><img fetchpriority=\"high\" decoding=\"async\" width=\"1200\" height=\"675\" src=\"https:\/\/www.izcivize.com\/wp-content\/uploads\/2024\/03\/5571b03e0b95c35610b8839c02169e06.jpg\" alt=\"\" class=\"wp-image-1478\" style=\"width:816px;height:auto\" srcset=\"https:\/\/www.izcivize.com\/wp-content\/uploads\/2024\/03\/5571b03e0b95c35610b8839c02169e06.jpg 1200w, https:\/\/www.izcivize.com\/wp-content\/uploads\/2024\/03\/5571b03e0b95c35610b8839c02169e06-300x169.jpg 300w, https:\/\/www.izcivize.com\/wp-content\/uploads\/2024\/03\/5571b03e0b95c35610b8839c02169e06-1024x576.jpg 1024w, https:\/\/www.izcivize.com\/wp-content\/uploads\/2024\/03\/5571b03e0b95c35610b8839c02169e06-768x432.jpg 768w\" sizes=\"(max-width: 1200px) 100vw, 1200px\" \/><\/figure>\n\n\n\n<h1 class=\"wp-block-heading has-larger-font-size\">Macaristan Vizesi Ba\u015fvuru \u0130\u00e7in Neler Gerekli?<\/h1>\n\n\n\n<p>Macaristan Vizesi alabilmek i\u00e7in \u00fclkemizde tek bir yetkili mercii bulunuyor. \u00c7o\u011fu \u00fclkenin konsolosluklar\u0131 \u0130stanbul ve Ankara\u2019da olmak \u00fczere, baz\u0131 \u00fclkelerin farkl\u0131 illerde de bulunabiliyor. Bununla birlikte Macaristan Konsoloslu\u011fu adresi ise yaln\u0131zca ba\u015fkentimizde bulunuyor. \u00c7ankaya il\u00e7esinde Bakanl\u0131klar b\u00f6lgesinde bulunan yetkili makam \u00fczerinden ba\u015fvurular al\u0131n\u0131r ve de\u011ferlendirilir. \u0130ZC\u0130 Vize dan\u0131\u015fmanl\u0131\u011f\u0131na m\u00fcracaat eden vatanda\u015flar\u0131m\u0131z, Macaristan Vizesi i\u00e7in gerekli evraklar\u0131 h\u0131zl\u0131 bir \u015fekilde temin edebiliyor. Randevu i\u015flemlerine kadar t\u00fcm ad\u0131mlar\u0131 ba\u015fvuru i\u00e7in uygun ve haz\u0131r hale getiriyoruz. B\u00f6ylelikle anlaml\u0131 d\u00fczeyde zaman kazand\u0131rd\u0131\u011f\u0131m\u0131z m\u00fc\u015fterilerimizi Macaristan Vizesi nas\u0131l al\u0131n\u0131r soru ve sorunlar\u0131ndan kurtar\u0131yoruz. Sadece bize ba\u015fvurun, gerisini biz hallederiz.<\/p>\n\n\n\n<figure class=\"wp-block-image size-full is-resized\"><img decoding=\"async\" width=\"960\" height=\"626\" src=\"https:\/\/www.izcivize.com\/wp-content\/uploads\/2024\/03\/04773374_50992_macaristan-vize-istiyor-m.jpg\" alt=\"\" class=\"wp-image-1477\" style=\"width:836px;height:auto\" srcset=\"https:\/\/www.izcivize.com\/wp-content\/uploads\/2024\/03\/04773374_50992_macaristan-vize-istiyor-m.jpg 960w, https:\/\/www.izcivize.com\/wp-content\/uploads\/2024\/03\/04773374_50992_macaristan-vize-istiyor-m-300x196.jpg 300w, https:\/\/www.izcivize.com\/wp-content\/uploads\/2024\/03\/04773374_50992_macaristan-vize-istiyor-m-768x501.jpg 768w\" sizes=\"(max-width: 960px) 100vw, 960px\" \/><\/figure>\n\n\n\n<h1 class=\"wp-block-heading has-larger-font-size\">Macaristan Vizesi Dan\u0131\u015fmanl\u0131\u011f\u0131 Nedir?<\/h1>\n\n\n\n<p>Hem AB \u00fcyesi olan hem de 1985 y\u0131l\u0131ndaki Schengen antla\u015fmas\u0131n\u0131 imzalayan ilk \u00fclkelerden birisi olan Macaristan \u00fclkesine gidebilmek i\u00e7in \u00e7\u0131kar\u0131lan vize, size sadece \u00fclkeye giri\u015f imkan\u0131 sa\u011flayacakt\u0131r. Bundan sonra \u00fclkede kal\u0131c\u0131 olmak i\u00e7in bir dizi i\u015flem takip etmeniz gerekiyor. \u0130lk olarak \u00fclkede oturum izni alman\u0131z gerekir. Genellikle ilk ba\u015fvurularda s\u00fcreli vize uygun g\u00f6r\u00fclmektedir. Bundan sonraki ad\u0131m ise \u00e7al\u0131\u015fma vizesi olacakt\u0131r. Macaristan Vizesi ald\u0131ktan sonra burada kalmak istiyorsan\u0131z, hayat\u0131n\u0131z\u0131 idame ettirmek i\u00e7in \u00e7al\u0131\u015fma vizesine ihtiyac\u0131n\u0131z olacakt\u0131r.<\/p>\n\n\n\n<p>Schengen Vizesi al\u0131m\u0131 i\u00e7in \u00e7al\u0131\u015fma izni gerekli de\u011fildir. Schengen \u00fcyesi \u00fclkelerden birisi olan Macaristan oturum izni bulunan herkes, izni boyunca ge\u00e7erli \u015eengen Vizesi alabilmektedir. Bu s\u00fcre zarf\u0131nda \u00fclkelerde herhangi bir yasad\u0131\u015f\u0131 duruma kar\u0131\u015fmayan ki\u015filer ise kal\u0131c\u0131 oturum izni alabilir. Bundan sonra s\u00fcresiz Schengen Vizesi al\u0131m\u0131 olduk\u00e7a kolay olmaktad\u0131r. Art\u0131k hi\u00e7bir yasal engel ve izne tabii olmadan Macaristan Vizesini Schengen vizesine \u00e7evirebilirsiniz.<\/p>\n\n\n\n<p><\/p>\n","protected":false},"excerpt":{"rendered":"<p>Macaristan Vizesi Hakk\u0131nda Genel Bilgiler Orta Avrupa\u2019da yer alan ve&#8230;<\/p>\n","protected":false},"author":1,"featured_media":1480,"comment_status":"open","ping_status":"open","sticky":false,"template":"","format":"standard","meta":{"_kad_post_transparent":"disable","_kad_post_title":"","_kad_post_layout":"","_kad_post_sidebar_id":"","_kad_post_content_style":"","_kad_post_vertical_padding":"","_kad_post_feature":"","_kad_post_feature_position":"","_kad_post_header":false,"_kad_post_footer":false,"footnotes":""},"categories":[13],"tags":[],"_links":{"self":[{"href":"https:\/\/www.izcivize.com\/index.php?rest_route=\/wp\/v2\/posts\/1474"}],"collection":[{"href":"https:\/\/www.izcivize.com\/index.php?rest_route=\/wp\/v2\/posts"}],"about":[{"href":"https:\/\/www.izcivize.com\/index.php?rest_route=\/wp\/v2\/types\/post"}],"author":[{"embeddable":true,"href":"https:\/\/www.izcivize.com\/index.php?rest_route=\/wp\/v2\/users\/1"}],"replies":[{"embeddable":true,"href":"https:\/\/www.izcivize.com\/index.php?rest_route=%2Fwp%2Fv2%2Fcomments&post=1474"}],"version-history":[{"count":2,"href":"https:\/\/www.izcivize.com\/index.php?rest_route=\/wp\/v2\/posts\/1474\/revisions"}],"predecessor-version":[{"id":1482,"href":"https:\/\/www.izcivize.com\/index.php?rest_route=\/wp\/v2\/posts\/1474\/revisions\/1482"}],"wp:featuredmedia":[{"embeddable":true,"href":"https:\/\/www.izcivize.com\/index.php?rest_route=\/wp\/v2\/media\/1480"}],"wp:attachment":[{"href":"https:\/\/www.izcivize.com\/index.php?rest_route=%2Fwp%2Fv2%2Fmedia&parent=1474"}],"wp:term":[{"taxonomy":"category","embeddable":true,"href":"https:\/\/www.izcivize.com\/index.php?rest_route=%2Fwp%2Fv2%2Fcategories&post=1474"},{"taxonomy":"post_tag","embeddable":true,"href":"https:\/\/www.izcivize.com\/index.php?rest_route=%2Fwp%2Fv2%2Ftags&post=1474"}],"curies":[{"name":"wp","href":"https:\/\/api.w.org\/{rel}","templated":true}]}}