{"id":1334,"date":"2023-03-27T10:13:10","date_gmt":"2023-03-27T10:13:10","guid":{"rendered":"https:\/\/www.izcivize.com\/?p=1334"},"modified":"2024-03-07T21:05:11","modified_gmt":"2024-03-07T21:05:11","slug":"ispanya-vizesi-icin-gereken-belgeler-nelerdir","status":"publish","type":"post","link":"https:\/\/www.izcivize.com\/?p=1334","title":{"rendered":"\u0130spanya Vizesi \u0130\u00e7in Gereken Belgeler Nelerdir?"},"content":{"rendered":"\n<p><a href=\"https:\/\/www.google.com\/search?q=%C4%B0spanya+vizesi&amp;oq=%C4%B0spanya+vizesi&amp;aqs=chrome..69i57j35i39j0i512l4j69i60j69i61.865j0j7&amp;sourceid=chrome&amp;ie=UTF-8\"><strong>\u0130spanya vizesi<\/strong>&nbsp;<\/a>i\u00e7in gereken belgeler, ba\u015fvuru sahibinin seyahat amac\u0131na ve ki\u015fisel durumuna g\u00f6re de\u011fi\u015febilir. Ancak genellikle \u0130spanya vizesi ba\u015fvurusu i\u00e7in a\u015fa\u011f\u0131daki belgeler talep edilir:&nbsp;<a href=\"https:\/\/tr.wikipedia.org\/wiki\/%C4%B0spanyol_pasaportu\">Pasaport<\/a>: Ge\u00e7erlilik s\u00fcresi seyahatin biti\u015f tarihinden en az 3 ay sonraya kadar olan orijinal pasaport. \u0130spanya Vizesi Ba\u015fvuru Formu: \u0130spanya Konsoloslu\u011fu veya ba\u015fvuru merkezinden temin edilen ve eksiksiz doldurulmu\u015f ba\u015fvuru formu. Biyometrik Foto\u011fraf: Son alt\u0131 ay i\u00e7inde \u00e7ekilmi\u015f, arka fonu beyaz ve y\u00fcz\u00fc net g\u00f6r\u00fcnen biyometrik foto\u011fraf. Seyahat Belgeleri: U\u00e7ak bileti rezervasyonu veya seyahat acentesi taraf\u0131ndan onaylanm\u0131\u015f seyahat plan\u0131. Konaklama Belgeleri: Otel rezervasyonu, konaklama belgesi veya davetiyenin asl\u0131. Finansal Belgeler: Ba\u015fvuru sahibinin maddi durumunu g\u00f6steren belgeler (banka hesap d\u00f6k\u00fcm\u00fc, maa\u015f bordrosu, gelir vergisi beyannamesi vb.). Sa\u011fl\u0131k Sigortas\u0131: Schengen b\u00f6lgesinde ge\u00e7erli, en az 30.000 Euro tutar\u0131nda seyahat sa\u011fl\u0131k sigortas\u0131. \u0130\u015fle \u0130lgili Belgeler: \u0130\u015f seyahati i\u00e7in ba\u015fvuru yap\u0131yorsan\u0131z, i\u015fveren taraf\u0131ndan imzalanm\u0131\u015f izin belgesi ve \u015firketin faaliyet belgesi gereklidir. \u00d6\u011frenci Belgesi: E\u011fitim amac\u0131yla ba\u015fvuru yap\u0131yorsan\u0131z, okuldan al\u0131nm\u0131\u015f \u00f6\u011frenci belgesi ve ders program\u0131 gereklidir. Evraklar\u0131n As\u0131llar\u0131: \u0130spanya Konsoloslu\u011fu veya ba\u015fvuru merkezi taraf\u0131ndan istendi\u011fi durumlarda, belgelerin as\u0131llar\u0131 da istenebilir. Belgelerin tam listesi, ba\u015fvuru merkezleri taraf\u0131ndan verilen belgeler listesinde bulunabilir. Ba\u015fvuru sahiplerinin ba\u015fvuru formunu doldurmadan \u00f6nce bu listeleri dikkatle incelemeleri ve gerekli belgeleri haz\u0131rlamalar\u0131 \u00f6nerilir. \u0130spanya Vizesi\/Vize i\u015flemleri ile ilgili merak ettiklerinizi&nbsp;<a href=\"https:\/\/www.izcivize.com\/?page_id=1005\" data-type=\"link\" data-id=\"https:\/\/www.izcivize.com\/?page_id=1005\">\u0130zci Vize<\/a>&nbsp;ile ileti\u015fim kurarak sorabilir dan\u0131\u015fabilirsiniz.<\/p>\n\n\n\n<figure class=\"wp-block-gallery has-nested-images columns-default is-cropped wp-block-gallery-1 is-layout-flex wp-block-gallery-is-layout-flex\">\n<figure class=\"wp-block-image size-large\"><img fetchpriority=\"high\" decoding=\"async\" width=\"1024\" height=\"1024\" data-id=\"1335\" src=\"https:\/\/www.izcivize.com\/wp-content\/uploads\/2024\/03\/e-11-1024x1024.png\" alt=\"\" class=\"wp-image-1335\" srcset=\"https:\/\/www.izcivize.com\/wp-content\/uploads\/2024\/03\/e-11-1024x1024.png 1024w, https:\/\/www.izcivize.com\/wp-content\/uploads\/2024\/03\/e-11-300x300.png 300w, https:\/\/www.izcivize.com\/wp-content\/uploads\/2024\/03\/e-11-150x150.png 150w, https:\/\/www.izcivize.com\/wp-content\/uploads\/2024\/03\/e-11-768x768.png 768w, https:\/\/www.izcivize.com\/wp-content\/uploads\/2024\/03\/e-11-1536x1536.png 1536w, https:\/\/www.izcivize.com\/wp-content\/uploads\/2024\/03\/e-11.png 1563w\" sizes=\"(max-width: 1024px) 100vw, 1024px\" \/><\/figure>\n<\/figure>\n\n\n\n<p class=\"has-small-font-size\"><\/p>\n\n\n\n<h2 class=\"wp-block-heading\">\u0130spanya Vizesi Ba\u015fvuru S\u00fcrecinde Hangi Konulara Dikkat Edilmelidir?<\/h2>\n\n\n\n<p><a href=\"https:\/\/yandex.com.tr\/search\/?lr=11503&amp;text=%C4%B0spanya+vizesi\"><strong>\u0130spanya vizesi<\/strong><\/a>&nbsp;ba\u015fvuru s\u00fcrecinde dikkat edilmesi gereken baz\u0131 konular \u015funlard\u0131r: Ba\u015fvuru tarihlerine dikkat edin: \u0130spanya Konsoloslu\u011fu veya ba\u015fvuru merkezi taraf\u0131ndan belirtilen tarihlerde ba\u015fvurunuzu yap\u0131n. Belgelerin do\u011frulu\u011funu kontrol edin: Ba\u015fvuru belgelerinizin do\u011fru ve eksiksiz oldu\u011fundan emin olun. Yanl\u0131\u015f veya eksik bilgi, ba\u015fvurunuzun reddedilmesine neden olabilir. Seyahat amac\u0131na uygun belgeler haz\u0131rlay\u0131n: Seyahat amac\u0131n\u0131za uygun belgeler haz\u0131rlay\u0131n. \u00d6rne\u011fin, turistik bir seyahat i\u00e7in konaklama belgeleri ve tur rezervasyonlar\u0131 haz\u0131rlay\u0131n. Finansal durumunuzu g\u00f6steren belgeler haz\u0131rlay\u0131n: Ba\u015fvuru sahibinin seyahat masraflar\u0131n\u0131 kar\u015f\u0131layabilecek maddi duruma sahip oldu\u011funu g\u00f6steren belgeler haz\u0131rlay\u0131n. Banka hesap d\u00f6k\u00fcmleri, maa\u015f bordrolar\u0131 ve gelir vergisi beyannameleri bu belgeler aras\u0131nda yer alabilir. Biyometrik foto\u011fraf\u0131n\u0131z\u0131n uygunlu\u011fundan emin olun: Ba\u015fvuru i\u00e7in gerekli olan biyometrik foto\u011fraf\u0131n t\u00fcm gereksinimleri kar\u015f\u0131lad\u0131\u011f\u0131ndan emin olun. Arka plan\u0131 beyaz, y\u00fcz\u00fcn\u00fcz a\u00e7\u0131k\u00e7a g\u00f6r\u00fcn\u00fcyor ve son alt\u0131 ay i\u00e7inde \u00e7ekilmi\u015f olmas\u0131 gerekiyor. Sa\u011fl\u0131k sigortan\u0131z\u0131n ge\u00e7erlili\u011fini kontrol edin: Ba\u015fvuru sahibinin Schengen b\u00f6lgesinde ge\u00e7erli, en az 30.000 Euro tutar\u0131nda seyahat sa\u011fl\u0131k sigortas\u0131na sahip olmas\u0131 gerekiyor. Sigortan\u0131n ge\u00e7erlilik s\u00fcresi seyahat tarihlerini kapsamal\u0131d\u0131r. Ba\u015fvuru \u00fccretini \u00f6deyin: Ba\u015fvuru \u00fccretini, \u0130spanya Konsoloslu\u011fu veya ba\u015fvuru merkezinin belirledi\u011fi y\u00f6ntemle \u00f6deyin. Ba\u015fvurunuzun i\u015fleme al\u0131nmas\u0131 i\u00e7in \u00fccretin tam olarak \u00f6denmesi gerekiyor. Randevu saatinize tam zaman\u0131nda gelin: Randevu saatinize tam zaman\u0131nda gelin ve gerekli belgeleri yan\u0131n\u0131zda bulundurun. Bu konulara dikkat ederek,&nbsp;<strong><a href=\"https:\/\/www.google.com\/search?q=%C4%B0spanya+vize&amp;oq=%C4%B0spanya+vize&amp;aqs=chrome..69i57j35i39j69i59l2j0i131i433i512j69i60l2j69i61.1840j0j7&amp;sourceid=chrome&amp;ie=UTF-8\">\u0130spanya vizesi<\/a><\/strong>&nbsp;ba\u015fvuru s\u00fcrecinde sorunsuz bir deneyim ya\u015fayabilirsiniz. \u0130spanya Vizesi\/Vize i\u015flemleri ile ilgili merak ettiklerinizi&nbsp;<strong><a href=\"https:\/\/www.izcivize.com\/?page_id=1005\" data-type=\"link\" data-id=\"https:\/\/www.izcivize.com\/?page_id=1005\">\u0130ZC\u0130 Vize<\/a><\/strong>&nbsp;ile ileti\u015fim kurarak sorabilir dan\u0131\u015fabilirsiniz.<\/p>\n\n\n\n<figure class=\"wp-block-gallery has-nested-images columns-default is-cropped wp-block-gallery-2 is-layout-flex wp-block-gallery-is-layout-flex\">\n<figure class=\"wp-block-image size-large\"><img decoding=\"async\" width=\"1024\" height=\"1024\" data-id=\"1336\" src=\"https:\/\/www.izcivize.com\/wp-content\/uploads\/2024\/03\/e-12-1024x1024.png\" alt=\"\" class=\"wp-image-1336\" srcset=\"https:\/\/www.izcivize.com\/wp-content\/uploads\/2024\/03\/e-12-1024x1024.png 1024w, https:\/\/www.izcivize.com\/wp-content\/uploads\/2024\/03\/e-12-300x300.png 300w, https:\/\/www.izcivize.com\/wp-content\/uploads\/2024\/03\/e-12-150x150.png 150w, https:\/\/www.izcivize.com\/wp-content\/uploads\/2024\/03\/e-12-768x768.png 768w, https:\/\/www.izcivize.com\/wp-content\/uploads\/2024\/03\/e-12-1536x1536.png 1536w, https:\/\/www.izcivize.com\/wp-content\/uploads\/2024\/03\/e-12.png 1563w\" sizes=\"(max-width: 1024px) 100vw, 1024px\" \/><\/figure>\n<\/figure>\n\n\n\n<h2 class=\"wp-block-heading\">\u0130spanya Vizesi Reddedilirse Ne Yap\u0131lmal\u0131d\u0131r?<\/h2>\n\n\n\n<p><a href=\"https:\/\/yandex.com.tr\/search\/?lr=11503&amp;text=%C4%B0spanya+vize\"><strong>\u0130spanya vizesi<\/strong><\/a>&nbsp;reddedildi\u011finde, ba\u015fvuru sahibi bir itiraz dilek\u00e7esi haz\u0131rlayarak, \u0130spanya Konsoloslu\u011fu veya ba\u015fvuru merkezine ba\u015fvuru sonucunu etkileyen nedenleri sormak ve hatalar\u0131n d\u00fczeltilmesini istemek i\u00e7in ba\u015fvurabilir. \u0130tiraz dilek\u00e7esi, \u0130spanya Konsoloslu\u011fu veya ba\u015fvuru merkezi taraf\u0131ndan belirlenmi\u015f s\u00fcre i\u00e7inde yap\u0131lmal\u0131d\u0131r. Ba\u015fvuru sahibi, itiraz dilek\u00e7esi haz\u0131rlarken, reddedilme nedenlerine dikkatle bakmal\u0131 ve eksik veya yanl\u0131\u015f bilgileri d\u00fczeltmeli veya eksik belgeleri tamamlamal\u0131d\u0131r. Ayr\u0131ca, reddedilme nedeninin ge\u00e7erli olup olmad\u0131\u011f\u0131n\u0131 kontrol etmek i\u00e7in bir avukat veya dan\u0131\u015fmanla da g\u00f6r\u00fc\u015febilirler. Ancak, itiraz dilek\u00e7esi ba\u015far\u0131l\u0131 olmayabilir ve vize reddedilmesi nedeniyle seyahat planlar\u0131 bozulabilir. Bu durumda, ba\u015fvuru sahibi, \u0130spanya Konsoloslu\u011fu veya ba\u015fvuru merkezi taraf\u0131ndan belirtilen s\u00fcre i\u00e7inde yeniden ba\u015fvuruda bulunabilir. Ancak, yeni ba\u015fvuru i\u00e7in gerekli belgelerin ve bilgilerin eksiksiz ve do\u011fru oldu\u011fundan emin olunmal\u0131d\u0131r. Aksi takdirde, yeniden reddedilme riski y\u00fcksek olabilir. \u0130spanya vizesi reddedilirse, ba\u015fvuru sahibi ayr\u0131ca Schengen \u00fclkelerinin di\u011fer \u00fclkelerindeki konsolosluklara ba\u015fvurarak vize almay\u0131 deneyebilir. Ancak, \u0130spanya Konsoloslu\u011fu veya ba\u015fvuru merkezi taraf\u0131ndan verilen seyahat tarihlerine uygun olarak seyahat planlar\u0131n\u0131n yeniden d\u00fczenlenmesi gerekebilir. \u0130spanya Vizesi\/Vize i\u015flemleri ile ilgili merak ettiklerinizi&nbsp;<a href=\"https:\/\/3genvize.com\/ulkeler\/\"><strong>\u0130ZC\u0130 Vize<\/strong>&nbsp;<\/a>ile ileti\u015fim kurarak sorabilir dan\u0131\u015fabilirsiniz.<\/p>\n\n\n\n<h2 class=\"wp-block-heading\"><\/h2>\n\n\n\n<h2 class=\"wp-block-heading\">Amerika Vizesi \u0130le \u0130lgili \u0130lgi \u00c7ekici Ba\u015fl\u0131klar?<\/h2>\n\n\n\n<ol>\n<li>ispanya Vizesi Ba\u015fvurusu Nas\u0131l Yap\u0131l\u0131r?<\/li>\n\n\n\n<li>\u0130spanya Vizesi T\u00fcrleri Nelerdir?<\/li>\n\n\n\n<li>\u0130spanya ya Vizesi Reddedilirse Ne Yap\u0131labilir?<\/li>\n\n\n\n<li>\u0130spanya Vizesi i\u00e7in Gerekli Belgeler Nelerdir?<\/li>\n\n\n\n<li>\u0130spanya Vizesi i\u00e7in Hangi Sa\u011fl\u0131k Muayeneleri Gereklidir?<\/li>\n\n\n\n<li>\u0130spanya Vizesi \u0130\u00e7in Gerekli Finansal Belgeler Nelerdir?<\/li>\n\n\n\n<li>\u0130spanya Vizesi \u0130\u015flemleri Ne Kadar S\u00fcrede Tamamlan\u0131r?<\/li>\n\n\n\n<li>\u0130spanya Vize \u0130\u00e7in Seyahat Sigortas\u0131 Zorunlu mu?<\/li>\n\n\n\n<li>\u0130spanya Vizesi \u00dccretleri Ne Kadar?<\/li>\n\n\n\n<li>\u0130spanya Vizesi \u0130\u00e7in Randevu Nas\u0131l Al\u0131n\u0131r?<\/li>\n\n\n\n<li>\u0130spanya Vizesi Almak \u0130\u00e7in Ya\u015f S\u0131n\u0131r\u0131 Var m\u0131?<\/li>\n\n\n\n<li>\u0130spanya Vizesi \u0130le \u0130spanya\u2019da Ne Kadar Kal\u0131nabilir?<\/li>\n\n\n\n<li>Amerika Vizesi \u0130\u00e7in Dil Yeterlili\u011fi Gerekli mi?<\/li>\n\n\n\n<li>Amerika Vizesi \u0130le \u0130spanya\u2019da \u00c7al\u0131\u015fmak M\u00fcmk\u00fcn m\u00fc?<\/li>\n\n\n\n<li>Amerika Vizesi \u0130le \u0130spanya\u2019da Ev Sahibi Olmak M\u00fcmk\u00fcn m\u00fc?<\/li>\n\n\n\n<li>Amerika Vizesi \u0130le \u0130spanya\u2019da E\u011fitim Almak M\u00fcmk\u00fcn m\u00fc?<\/li>\n\n\n\n<li>Amerika Vizesi \u0130le \u0130spanya\u2019da Sa\u011fl\u0131k Hizmetlerinden Yararlanmak M\u00fcmk\u00fcn m\u00fc?<\/li>\n\n\n\n<li>Amerika Vizesi \u0130le \u0130spanya\u2019da Seyahat Etmek \u0130\u00e7in En \u0130yi Zaman Ne Zaman?<\/li>\n\n\n\n<li>Amerika Vizesi \u0130le \u0130spanya\u2019da Gezilecek Yerler Nelerdir?<\/li>\n\n\n\n<li>Amerika Vizesi \u0130le \u0130spanya\u2019da Tatil Yapmak \u0130\u00e7in \u0130pu\u00e7lar\u0131 Nelerdir?<\/li>\n<\/ol>\n","protected":false},"excerpt":{"rendered":"<p>\u0130spanya vizesi&nbsp;i\u00e7in gereken belgeler, ba\u015fvuru sahibinin seyahat amac\u0131na ve ki\u015fisel&#8230;<\/p>\n","protected":false},"author":1,"featured_media":1340,"comment_status":"open","ping_status":"open","sticky":false,"template":"","format":"standard","meta":{"_kad_post_transparent":"disable","_kad_post_title":"","_kad_post_layout":"","_kad_post_sidebar_id":"","_kad_post_content_style":"","_kad_post_vertical_padding":"","_kad_post_feature":"","_kad_post_feature_position":"","_kad_post_header":false,"_kad_post_footer":false,"footnotes":""},"categories":[13],"tags":[],"_links":{"self":[{"href":"https:\/\/www.izcivize.com\/index.php?rest_route=\/wp\/v2\/posts\/1334"}],"collection":[{"href":"https:\/\/www.izcivize.com\/index.php?rest_route=\/wp\/v2\/posts"}],"about":[{"href":"https:\/\/www.izcivize.com\/index.php?rest_route=\/wp\/v2\/types\/post"}],"author":[{"embeddable":true,"href":"https:\/\/www.izcivize.com\/index.php?rest_route=\/wp\/v2\/users\/1"}],"replies":[{"embeddable":true,"href":"https:\/\/www.izcivize.com\/index.php?rest_route=%2Fwp%2Fv2%2Fcomments&post=1334"}],"version-history":[{"count":2,"href":"https:\/\/www.izcivize.com\/index.php?rest_route=\/wp\/v2\/posts\/1334\/revisions"}],"predecessor-version":[{"id":1342,"href":"https:\/\/www.izcivize.com\/index.php?rest_route=\/wp\/v2\/posts\/1334\/revisions\/1342"}],"wp:featuredmedia":[{"embeddable":true,"href":"https:\/\/www.izcivize.com\/index.php?rest_route=\/wp\/v2\/media\/1340"}],"wp:attachment":[{"href":"https:\/\/www.izcivize.com\/index.php?rest_route=%2Fwp%2Fv2%2Fmedia&parent=1334"}],"wp:term":[{"taxonomy":"category","embeddable":true,"href":"https:\/\/www.izcivize.com\/index.php?rest_route=%2Fwp%2Fv2%2Fcategories&post=1334"},{"taxonomy":"post_tag","embeddable":true,"href":"https:\/\/www.izcivize.com\/index.php?rest_route=%2Fwp%2Fv2%2Ftags&post=1334"}],"curies":[{"name":"wp","href":"https:\/\/api.w.org\/{rel}","templated":true}]}}