{"id":1328,"date":"2023-08-05T10:00:32","date_gmt":"2023-08-05T10:00:32","guid":{"rendered":"https:\/\/www.izcivize.com\/?p=1328"},"modified":"2024-03-07T21:03:07","modified_gmt":"2024-03-07T21:03:07","slug":"almanya-vizesi-rehberi-basvuru-turleri-ve-seyahat-ipuclari","status":"publish","type":"post","link":"https:\/\/www.izcivize.com\/?p=1328","title":{"rendered":"Almanya Vizesi Rehberi: Ba\u015fvuru, T\u00fcrleri ve Seyahat \u0130pu\u00e7lar\u0131"},"content":{"rendered":"\n<p><\/p>\n\n\n\n<p class=\"has-large-font-size\"><strong>Almanya Vizesi Rehberi: Ba\u015fvuru, T\u00fcrleri ve Seyahat \u0130pu\u00e7lar\u0131<\/strong><\/p>\n\n\n\n<p>Teknolojinin ilerlemesiyle, benzersiz kaplama y\u00f6ntemleri de bir ad\u0131m \u00f6ne \u00e7\u0131k\u0131yor. Elektro statik boya cihaz\u0131, y\u00fczeylere uygulanan elektrostatik y\u00fck sayesinde gelece\u011fin renklerini ve doku efektlerini yakalaman\u0131za olanak tan\u0131r. Bu yenilik\u00e7i y\u00f6ntem, end\u00fcstriyel \u00fcr\u00fcnlerden sanatsal projelere kadar geni\u015f bir yelpazede kullan\u0131l\u0131yor.<\/p>\n\n\n\n<p>Bu ba\u011flamda, Almanya vizesi ile seyahat etme f\u0131rsat\u0131n\u0131z\u0131 de\u011ferlendirmek isteyebilirsiniz. \u0130ZC\u0130 Vize olarak, Almanya vizesi konusundaki deneyimimizle size rehberlik etmekten mutluluk duyuyoruz. Almanya, sanayi ve teknoloji alan\u0131ndaki geli\u015fmeleriyle bilinirken, i\u015fbirli\u011fi ve inovasyon i\u00e7in benzersiz bir zemin sunar.<\/p>\n\n\n\n<p>Almanya vizesi ile bu ileri teknolojiye sahip boya cihazlar\u0131n\u0131n kullan\u0131m\u0131n\u0131 inceleme f\u0131rsat\u0131n\u0131z olabilir. \u00dcstelik seyahatinizi i\u015f ile birle\u015ftirmeyi d\u00fc\u015f\u00fcn\u00fcyorsan\u0131z, Almanya\u2019daki i\u015f olanaklar\u0131n\u0131 da de\u011ferlendirebilirsiniz. \u0130ZC\u0130 Vize olarak, Almanya vizesi ba\u015fvuru s\u00fcrecinizde size destek olmaktan ve bu benzersiz deneyimi elde etmenize yard\u0131mc\u0131 olmaktan mutluluk duyuyoruz.\u201d<\/p>\n\n\n\n<p>Not: Verilen firma ad\u0131 ve anahtar kelime yo\u011funlu\u011fu, i\u00e7erik kalitesini ve okunabilirli\u011fini korumak amac\u0131yla dengeli bir \u015fekilde kullan\u0131lm\u0131\u015ft\u0131r.<\/p>\n\n\n\n<figure class=\"wp-block-gallery has-nested-images columns-default is-cropped wp-block-gallery-1 is-layout-flex wp-block-gallery-is-layout-flex\">\n<figure class=\"wp-block-image size-large\"><img fetchpriority=\"high\" decoding=\"async\" width=\"1024\" height=\"1024\" data-id=\"1329\" src=\"https:\/\/www.izcivize.com\/wp-content\/uploads\/2024\/03\/e-9-1024x1024.png\" alt=\"\" class=\"wp-image-1329\" srcset=\"https:\/\/www.izcivize.com\/wp-content\/uploads\/2024\/03\/e-9-1024x1024.png 1024w, https:\/\/www.izcivize.com\/wp-content\/uploads\/2024\/03\/e-9-300x300.png 300w, https:\/\/www.izcivize.com\/wp-content\/uploads\/2024\/03\/e-9-150x150.png 150w, https:\/\/www.izcivize.com\/wp-content\/uploads\/2024\/03\/e-9-768x768.png 768w, https:\/\/www.izcivize.com\/wp-content\/uploads\/2024\/03\/e-9-1536x1536.png 1536w, https:\/\/www.izcivize.com\/wp-content\/uploads\/2024\/03\/e-9.png 1563w\" sizes=\"(max-width: 1024px) 100vw, 1024px\" \/><\/figure>\n<\/figure>\n\n\n\n<h2 class=\"wp-block-heading\">K\u00fclt\u00fcrel Ke\u015ffe Davet: Almanya Vizesiyle Sanat, Tarih ve Lezzet Dolu Bir Yolculuk<\/h2>\n\n\n\n<p>Almanya, zengin k\u00fclt\u00fcrel miras\u0131, tarihi dokusu ve lezzet dolu mutfa\u011f\u0131yla dikkat \u00e7eken bir destinasyon. Almanya vizesi sayesinde, sanat galerilerini gezebilir, tarihi b\u00f6lgeleri ke\u015ffedebilir ve lezzetli yerel yemekleri tatma f\u0131rsat\u0131n\u0131 elde edebilirsiniz.<\/p>\n\n\n\n<p>\u0130ZC\u0130 Vize olarak, Almanya vizesi ba\u015fvuru s\u00fcrecinizde size rehberlik etmeye haz\u0131r\u0131z. Yolculu\u011funuzun her a\u015famas\u0131nda size destek sa\u011flamak i\u00e7in buraday\u0131z. Almanya\u2019n\u0131n b\u00fcy\u00fcleyici \u015fehirlerini gezip, m\u00fczelerinde sanat\u0131n ve tarihin izlerini takip edebilir, sokak kafelerinde geleneksel Alman lezzetlerini deneyimleyebilirsiniz.<\/p>\n\n\n\n<p>Sanatseverler i\u00e7in Berlin\u2019in galerileri ve m\u00fczeleri, tarih merakl\u0131lar\u0131 i\u00e7in N\u00fcrnberg\u2019in eski \u015fehir dokusu ve tarihi mekanlar\u0131, lezzet tutkunlar\u0131 i\u00e7in ise Bavyera b\u00f6lgesinin zengin mutfa\u011f\u0131 g\u00f6r\u00fclmeye de\u011fer yerler aras\u0131nda. \u0130ZC\u0130 Vize olarak, size unutulmaz bir Almanya deneyimi ya\u015fatmak i\u00e7in buraday\u0131z. Almanya vizesi ile bu k\u00fclt\u00fcrel ke\u015ffe kat\u0131l\u0131n, biz de size ba\u015fvuru s\u00fcrecinizde yard\u0131mc\u0131 olal\u0131m.<\/p>\n\n\n\n<figure class=\"wp-block-image size-large is-resized\"><img decoding=\"async\" width=\"1024\" height=\"1024\" src=\"https:\/\/www.izcivize.com\/wp-content\/uploads\/2024\/03\/e-10-1024x1024.png\" alt=\"\" class=\"wp-image-1330\" style=\"width:731px;height:auto\" srcset=\"https:\/\/www.izcivize.com\/wp-content\/uploads\/2024\/03\/e-10-1024x1024.png 1024w, https:\/\/www.izcivize.com\/wp-content\/uploads\/2024\/03\/e-10-300x300.png 300w, https:\/\/www.izcivize.com\/wp-content\/uploads\/2024\/03\/e-10-150x150.png 150w, https:\/\/www.izcivize.com\/wp-content\/uploads\/2024\/03\/e-10-768x768.png 768w, https:\/\/www.izcivize.com\/wp-content\/uploads\/2024\/03\/e-10-1536x1536.png 1536w, https:\/\/www.izcivize.com\/wp-content\/uploads\/2024\/03\/e-10.png 1563w\" sizes=\"(max-width: 1024px) 100vw, 1024px\" \/><\/figure>\n\n\n\n<h2 class=\"wp-block-heading\">\u0130\u015f F\u0131rsatlar\u0131n\u0131 Ke\u015ffetmek \u0130\u00e7in Almanya Vizesi: Kariyer Geli\u015fimi ve \u0130\u015f Ba\u015fvuru Rehberi<\/h2>\n\n\n\n<p>Almanya, uluslararas\u0131 i\u015f f\u0131rsatlar\u0131yla dikkat \u00e7eken bir \u00fclke olarak \u00f6ne \u00e7\u0131k\u0131yor. Almanya vizesi alarak, kariyer geli\u015fiminizi destekleyebilir ve yeni i\u015f f\u0131rsatlar\u0131n\u0131 ke\u015ffedebilirsiniz. \u0130ZC\u0130 Vize olarak, Almanya vizesi ba\u015fvuru s\u00fcrecinizde size profesyonel rehberlik sunuyoruz.<\/p>\n\n\n\n<p>Almanya, bir\u00e7ok sekt\u00f6rde i\u015f imkanlar\u0131 sunan dinamik bir ekonomiye sahiptir. Teknoloji, m\u00fchendislik, finans, sa\u011fl\u0131k ve daha bir\u00e7ok alanda f\u0131rsatlarla dolu bir ortam sunmaktad\u0131r. Almanya vizesi ile bu i\u015f olanaklar\u0131n\u0131 yak\u0131ndan inceleyebilir, uluslararas\u0131 bir \u00e7al\u0131\u015fma deneyimi elde edebilirsiniz.<\/p>\n\n\n\n<p>\u0130ZC\u0130 Vize olarak, size Almanya vizesi ba\u015fvuru s\u00fcrecinde gerekli ad\u0131mlar\u0131 ve belgeleri sunarak destek olmaktan mutluluk duyuyoruz. \u0130\u015f d\u00fcnyas\u0131ndaki geli\u015fmeleri takip ederek, kariyer hedeflerinizi ger\u00e7ekle\u015ftirmeniz i\u00e7in size yard\u0131mc\u0131 oluyoruz.<\/p>\n\n\n\n<p>Almanya vizesi, sadece i\u015f f\u0131rsatlar\u0131 i\u00e7in de\u011fil ayn\u0131 zamanda k\u00fclt\u00fcrel zenginlikleri ke\u015ffetmek i\u00e7in de kap\u0131lar a\u00e7abilir. Hem kariyerinizde ilerlemek hem de farkl\u0131 bir k\u00fclt\u00fcr\u00fc deneyimlemek isterseniz, \u0130ZC\u0130 Vize olarak her ad\u0131mda size e\u015flik ediyoruz.<\/p>\n\n\n\n<h2 class=\"wp-block-heading\">Almanya \u00d6\u011frenci Vizesiyle Akademik Ba\u015far\u0131ya Ad\u0131m At\u0131n: E\u011fitim Olanaklar\u0131 ve Ya\u015fam Deneyimi<\/h2>\n\n\n\n<p>Almanya, uluslararas\u0131 \u00f6\u011frencilere sundu\u011fu e\u011fitim f\u0131rsatlar\u0131 ve zengin ya\u015fam deneyimiyle bilinir. Almanya \u00f6\u011frenci vizesi alarak, akademik hedeflerinizi ger\u00e7ekle\u015ftirmek ve k\u00fclt\u00fcrel \u00e7e\u015fitlili\u011fi deneyimlemek i\u00e7in kap\u0131lar a\u00e7abilirsiniz. \u0130ZC\u0130 Vize olarak, Almanya \u00f6\u011frenci vizesi ba\u015fvuru s\u00fcrecinde size profesyonel dan\u0131\u015fmanl\u0131k sunuyoruz.<\/p>\n\n\n\n<p>Almanya, d\u00fcnya \u00e7ap\u0131nda sayg\u0131n \u00fcniversiteleri ve \u00e7e\u015fitli disiplinlerde e\u011fitim programlar\u0131yla \u00f6ne \u00e7\u0131kar. M\u00fchendislikten sanata, t\u0131ptan i\u015fletmeye kadar bir\u00e7ok alanda geni\u015f bir yelpazede e\u011fitim se\u00e7enekleri sunmaktad\u0131r. Almanya \u00f6\u011frenci vizesi ile bu se\u00e7enekleri de\u011ferlendirebilir, kariyerinizi \u015fekillendirecek bir akademik deneyim elde edebilirsiniz.<\/p>\n\n\n\n<p>\u0130ZC\u0130 Vize olarak, Almanya \u00f6\u011frenci vizesi ba\u015fvurusu a\u015famas\u0131nda size rehberlik ederek s\u00fcreci kolayla\u015ft\u0131r\u0131yoruz. Ba\u015fvuru evraklar\u0131ndan vize m\u00fclakat\u0131na kadar her ad\u0131mda size yard\u0131mc\u0131 oluyoruz.<\/p>\n\n\n\n<p>Almanya \u00f6\u011frenci vizesi ile sadece akademik de\u011fil ayn\u0131 zamanda k\u00fclt\u00fcrel olarak da zengin bir deneyim ya\u015fayabilirsiniz. Farkl\u0131 k\u00fclt\u00fcrleri tan\u0131ma ve uluslararas\u0131 ba\u011flant\u0131lar kurma f\u0131rsat\u0131 sunan Almanya\u2019da, hem e\u011fitiminizi ilerletebilir hem de ya\u015fam\u0131n\u0131z\u0131 zenginle\u015ftirebilirsiniz. \u0130ZC\u0130 Vize olarak, bu hedefe ula\u015fman\u0131z i\u00e7in size destek sa\u011flamaktan memnuniyet duyar\u0131z.<\/p>\n\n\n\n<h2 class=\"wp-block-heading\">\u0130spanya Vizesi \u0130le \u0130lgili \u0130lgi \u00c7ekici Ba\u015fl\u0131klar?<\/h2>\n\n\n\n<ol>\n<li><a href=\"https:\/\/www.izcivize.com\/?p=1334\" data-type=\"link\" data-id=\"https:\/\/www.izcivize.com\/?p=1334\">\u0130spanya Vizesi Ba\u015fvurusu Nas\u0131l Yap\u0131l\u0131r?<\/a><\/li>\n\n\n\n<li><a href=\"https:\/\/www.izcivize.com\/?p=1334\" data-type=\"link\" data-id=\"https:\/\/www.izcivize.com\/?p=1334\">\u0130spanya Vizesi T\u00fcrleri Nelerdir?<\/a><\/li>\n\n\n\n<li><a href=\"https:\/\/www.izcivize.com\/?p=1334\">\u0130spanya Vizesi Reddedilirse Ne Yap\u0131labilir?<\/a><\/li>\n\n\n\n<li><a href=\"https:\/\/www.izcivize.com\/?p=1334\">\u0130spanya Vizesi i\u00e7in Gerekli Belgeler Nelerdir?<\/a><\/li>\n\n\n\n<li><a href=\"https:\/\/www.izcivize.com\/?p=1334\" data-type=\"link\" data-id=\"https:\/\/www.izcivize.com\/?p=1334\">\u0130spanya Vizesi i\u00e7in Hangi Sa\u011fl\u0131k Muayeneleri Gereklidir?<\/a><\/li>\n\n\n\n<li><a href=\"https:\/\/www.izcivize.com\/?p=1334\" data-type=\"link\" data-id=\"https:\/\/www.izcivize.com\/?p=1334\">\u0130spanya Vizesi \u0130\u00e7in Gerekli Finansal Belgeler Nelerdir?<\/a><\/li>\n\n\n\n<li><a href=\"https:\/\/www.izcivize.com\/?p=1334\" data-type=\"link\" data-id=\"https:\/\/www.izcivize.com\/?p=1334\">\u0130spanya Vizesi \u0130\u015flemleri Ne Kadar S\u00fcrede Tamamlan\u0131r?<\/a><\/li>\n\n\n\n<li><a href=\"https:\/\/www.izcivize.com\/?p=1334\" data-type=\"link\" data-id=\"https:\/\/www.izcivize.com\/?p=1334\">\u0130spanya Vize\u00a0\u0130\u00e7in Seyahat Sigortas\u0131 Zorunlu mu?<\/a><\/li>\n\n\n\n<li><a href=\"https:\/\/www.izcivize.com\/?p=1334\" data-type=\"link\" data-id=\"https:\/\/www.izcivize.com\/?p=1334\">\u0130spanya Vizesi \u00dccretleri Ne Kadar?<\/a><\/li>\n\n\n\n<li><a href=\"https:\/\/www.izcivize.com\/?p=1334\" data-type=\"link\" data-id=\"https:\/\/www.izcivize.com\/?p=1334\">\u0130spanya Vizesi \u0130\u00e7in Randevu Nas\u0131l Al\u0131n\u0131r?<\/a><\/li>\n\n\n\n<li><a href=\"https:\/\/www.izcivize.com\/?p=1334\" data-type=\"link\" data-id=\"https:\/\/www.izcivize.com\/?p=1334\">\u0130spanya Vizesi Almak \u0130\u00e7in Ya\u015f S\u0131n\u0131r\u0131 Var m\u0131?<\/a><\/li>\n\n\n\n<li><a href=\"https:\/\/www.izcivize.com\/?p=1334\" data-type=\"link\" data-id=\"https:\/\/www.izcivize.com\/?p=1334\">\u0130spanya Vizesi \u0130le \u0130spanya\u2019da Ne Kadar Kal\u0131nabilir?<\/a><\/li>\n\n\n\n<li><a href=\"https:\/\/www.izcivize.com\/?p=1334\" data-type=\"link\" data-id=\"https:\/\/www.izcivize.com\/?p=1334\">\u0130spanya Vizesi\u00a0\u0130\u00e7in Dil Yeterlili\u011fi Gerekli mi?<\/a><\/li>\n\n\n\n<li><a href=\"https:\/\/www.izcivize.com\/?p=1334\" data-type=\"link\" data-id=\"https:\/\/www.izcivize.com\/?p=1334\">\u0130spanya Vizesi \u0130le \u0130spanya\u2019da \u00c7al\u0131\u015fmak M\u00fcmk\u00fcn m\u00fc?<\/a><\/li>\n\n\n\n<li><a href=\"https:\/\/www.izcivize.com\/?p=1334\" data-type=\"link\" data-id=\"https:\/\/www.izcivize.com\/?p=1334\">\u0130spanya Vizesi \u0130le \u0130spanya\u2019da Ev Sahibi Olmak M\u00fcmk\u00fcn m\u00fc?<\/a><\/li>\n\n\n\n<li><a href=\"https:\/\/www.izcivize.com\/?p=1334\" data-type=\"link\" data-id=\"https:\/\/www.izcivize.com\/?p=1334\">\u0130spanya Vizesi \u0130le \u0130spanya\u2019da E\u011fitim Almak M\u00fcmk\u00fcn m\u00fc?<\/a><\/li>\n\n\n\n<li><a href=\"https:\/\/www.izcivize.com\/?p=1334\" data-type=\"link\" data-id=\"https:\/\/www.izcivize.com\/?p=1334\">\u0130spanya Vizesi \u0130le \u0130spanya\u2019da Sa\u011fl\u0131k Hizmetlerinden Yararlanmak M\u00fcmk\u00fcn m\u00fc?<\/a><\/li>\n\n\n\n<li><a href=\"https:\/\/www.izcivize.com\/?p=1334\" data-type=\"link\" data-id=\"https:\/\/www.izcivize.com\/?p=1334\">\u0130spanya Vizesi \u0130le \u0130spanya\u2019da Seyahat Etmek \u0130\u00e7in En \u0130yi Zaman Ne Zaman?<\/a><\/li>\n\n\n\n<li><a href=\"https:\/\/www.izcivize.com\/?p=1334\" data-type=\"link\" data-id=\"https:\/\/www.izcivize.com\/?p=1334\">\u0130spanya Vizesi \u0130le \u0130spanya\u2019da Gezilecek Yerler Nelerdir?<\/a><\/li>\n\n\n\n<li><a href=\"https:\/\/www.izcivize.com\/?p=1334\" data-type=\"link\" data-id=\"https:\/\/www.izcivize.com\/?p=1334\">\u0130spanya Vizesi \u0130le \u0130spanya\u2019da Tatil Yapmak \u0130\u00e7in \u0130pu\u00e7lar\u0131 Nelerdir?<\/a><\/li>\n<\/ol>\n","protected":false},"excerpt":{"rendered":"<p>Almanya Vizesi Rehberi: Ba\u015fvuru, T\u00fcrleri ve Seyahat \u0130pu\u00e7lar\u0131 Teknolojinin ilerlemesiyle,&#8230;<\/p>\n","protected":false},"author":1,"featured_media":1330,"comment_status":"open","ping_status":"open","sticky":false,"template":"","format":"standard","meta":{"_kad_post_transparent":"disable","_kad_post_title":"","_kad_post_layout":"","_kad_post_sidebar_id":"","_kad_post_content_style":"","_kad_post_vertical_padding":"","_kad_post_feature":"","_kad_post_feature_position":"","_kad_post_header":false,"_kad_post_footer":false,"footnotes":""},"categories":[13],"tags":[],"_links":{"self":[{"href":"https:\/\/www.izcivize.com\/index.php?rest_route=\/wp\/v2\/posts\/1328"}],"collection":[{"href":"https:\/\/www.izcivize.com\/index.php?rest_route=\/wp\/v2\/posts"}],"about":[{"href":"https:\/\/www.izcivize.com\/index.php?rest_route=\/wp\/v2\/types\/post"}],"author":[{"embeddable":true,"href":"https:\/\/www.izcivize.com\/index.php?rest_route=\/wp\/v2\/users\/1"}],"replies":[{"embeddable":true,"href":"https:\/\/www.izcivize.com\/index.php?rest_route=%2Fwp%2Fv2%2Fcomments&post=1328"}],"version-history":[{"count":2,"href":"https:\/\/www.izcivize.com\/index.php?rest_route=\/wp\/v2\/posts\/1328\/revisions"}],"predecessor-version":[{"id":1339,"href":"https:\/\/www.izcivize.com\/index.php?rest_route=\/wp\/v2\/posts\/1328\/revisions\/1339"}],"wp:featuredmedia":[{"embeddable":true,"href":"https:\/\/www.izcivize.com\/index.php?rest_route=\/wp\/v2\/media\/1330"}],"wp:attachment":[{"href":"https:\/\/www.izcivize.com\/index.php?rest_route=%2Fwp%2Fv2%2Fmedia&parent=1328"}],"wp:term":[{"taxonomy":"category","embeddable":true,"href":"https:\/\/www.izcivize.com\/index.php?rest_route=%2Fwp%2Fv2%2Fcategories&post=1328"},{"taxonomy":"post_tag","embeddable":true,"href":"https:\/\/www.izcivize.com\/index.php?rest_route=%2Fwp%2Fv2%2Ftags&post=1328"}],"curies":[{"name":"wp","href":"https:\/\/api.w.org\/{rel}","templated":true}]}}